{"id":404,"date":"2016-07-09T20:32:53","date_gmt":"2016-07-09T19:32:53","guid":{"rendered":"http:\/\/vogesus.fr\/?p=404"},"modified":"2021-02-23T22:27:51","modified_gmt":"2021-02-23T21:27:51","slug":"mechantes-les-sorcieres","status":"publish","type":"post","link":"https:\/\/vogesus.fr\/index.php\/2016\/07\/09\/mechantes-les-sorcieres\/","title":{"rendered":"M\u00e9chantes les sorci\u00e8res !"},"content":{"rendered":"<p><span style=\"color: #008000;\"><strong>Pourquoi les sorci\u00e8res seraient elles m\u00e9chantes\u2026<\/strong><\/span><\/p>\n<p><span style=\"color: #008000;\"><strong>Autour de Saverne, le Mont Saint Michel et le Wuestenberg porte du Walhalla.<\/strong><\/span><\/p>\n<p><span style=\"color: #008000;\"><strong>Fabriquez un sac de soie rouge un vendredi soir de pleine lune montante, avant minuit, mettez-y un clou rouill\u00e9, une pi\u00e8ce de monnaie, trois pinc\u00e9es de sel, sept grains d\u2019encens naturel et une m\u00e8che de vos cheveux. Ajoutez une branche de thym et un petit aimant. Refermez le sac avec un ruban de la m\u00eame \u00e9toffe puis emmenez le avec vous pour attirer le succ\u00e8s dans votre vie professionnelle\u2026<\/strong><\/span><\/p>\n<p><span style=\"color: #008000;\"><strong>Ce petit sac porte bonheur pourra \u00eatre pr\u00e9sent\u00e9 aux Dieux lors d\u2019un rituel. En tra\u00e7ant le cercle vous direz ;<\/strong><\/span><\/p>\n<ul>\n<li>\n<h4><span style=\"color: #008000;\"><strong>Que rien n\u2019 y p\u00e9n\u00e8tre qui ne soit d\u2019un amour parfait.<\/strong><\/span><\/h4>\n<\/li>\n<li>\n<h4><span style=\"color: #008000;\"><strong>Que rien n\u2019en sort qui ne soit d\u2019un amour parfait.<\/strong><\/span><\/h4>\n<\/li>\n<\/ul>\n<p><span style=\"color: #008000;\"><strong><img loading=\"lazy\" decoding=\"async\" data-attachment-id=\"363\" data-permalink=\"https:\/\/vogesus.fr\/le-rond-de-pierres\/\" data-orig-file=\"https:\/\/vogesus.fr\/wp-content\/uploads\/2016\/06\/Le-rond-de-pierres.jpg\" data-orig-size=\"2272,1704\" data-comments-opened=\"1\" data-image-meta=\"{&quot;aperture&quot;:&quot;2.8&quot;,&quot;credit&quot;:&quot;&quot;,&quot;camera&quot;:&quot;Canon DIGITAL IXUS i&quot;,&quot;caption&quot;:&quot;&quot;,&quot;created_timestamp&quot;:&quot;1117981902&quot;,&quot;copyright&quot;:&quot;&quot;,&quot;focal_length&quot;:&quot;6.40625&quot;,&quot;iso&quot;:&quot;0&quot;,&quot;shutter_speed&quot;:&quot;0.0015625&quot;,&quot;title&quot;:&quot;&quot;,&quot;orientation&quot;:&quot;0&quot;}\" data-image-title=\"Le rond de pierres\" data-image-description=\"&lt;p&gt;Le rond de pierres&lt;\/p&gt;\n\" data-image-caption=\"&lt;p&gt;Le rond de pierres&lt;\/p&gt;\n\" data-large-file=\"https:\/\/vogesus.fr\/wp-content\/uploads\/2016\/06\/Le-rond-de-pierres-1024x768.jpg\" class=\"size-medium wp-image-363 alignleft\" src=\"http:\/\/vogesus.fr\/wp-content\/uploads\/2016\/06\/Le-rond-de-pierres-300x225.jpg\" alt=\"Le rond de pierres\" width=\"300\" height=\"225\" srcset=\"https:\/\/vogesus.fr\/wp-content\/uploads\/2016\/06\/Le-rond-de-pierres-300x225.jpg 300w, https:\/\/vogesus.fr\/wp-content\/uploads\/2016\/06\/Le-rond-de-pierres-768x576.jpg 768w, https:\/\/vogesus.fr\/wp-content\/uploads\/2016\/06\/Le-rond-de-pierres-1024x768.jpg 1024w\" sizes=\"auto, (max-width: 300px) 100vw, 300px\" \/>Pour votre petit rituel vous avez le choix du lieu\u00a0entre la Table des Sorci\u00e8res juste \u00e0 c\u00f4t\u00e9 du Ch\u00e2teau du Haut Barr ou le rond de pierres de la Chapelle Saint Michel au-dessus de Saint Jean l\u00e8s Saverne. Le parking est tout proche et l\u2019\u00e9glise m\u00e9rite le d\u00e9tour. De ce rond de pierres un pont astral vous emm\u00e8nera vers le Bastenberg o\u00f9 certains soirs se d\u00e9roulaient des c\u00e9r\u00e9monies secr\u00e8tes. Aujourd\u2019hui c\u2019est le point de d\u00e9part des parapentistes, une autre fa\u00e7on de voler\u2026<\/strong><\/span><\/p>\n<p><span style=\"color: #008000;\"><strong>N\u2019oubliez pas de descendre dans la grotte qui se trouve sous le rond de pierres, un escalier vous y am\u00e8ne et vous y verrez la forme d\u2019une tombe et un trou de sorci\u00e8re.<img loading=\"lazy\" decoding=\"async\" data-attachment-id=\"364\" data-permalink=\"https:\/\/vogesus.fr\/le-trou-de-sorciere\/\" data-orig-file=\"https:\/\/vogesus.fr\/wp-content\/uploads\/2016\/06\/Le-trou-de-Sorci\u00e8re.jpg\" data-orig-size=\"2272,1704\" data-comments-opened=\"1\" data-image-meta=\"{&quot;aperture&quot;:&quot;2.8&quot;,&quot;credit&quot;:&quot;&quot;,&quot;camera&quot;:&quot;Canon DIGITAL IXUS i&quot;,&quot;caption&quot;:&quot;&quot;,&quot;created_timestamp&quot;:&quot;1117982669&quot;,&quot;copyright&quot;:&quot;&quot;,&quot;focal_length&quot;:&quot;6.40625&quot;,&quot;iso&quot;:&quot;0&quot;,&quot;shutter_speed&quot;:&quot;0.016666666666667&quot;,&quot;title&quot;:&quot;&quot;,&quot;orientation&quot;:&quot;0&quot;}\" data-image-title=\"Le trou de Sorci\u00e8re\" data-image-description=\"&lt;p&gt;Le trou de Sorci\u00e8re&lt;\/p&gt;\n\" data-image-caption=\"&lt;p&gt;Le trou de Sorci\u00e8re&lt;\/p&gt;\n\" data-large-file=\"https:\/\/vogesus.fr\/wp-content\/uploads\/2016\/06\/Le-trou-de-Sorci\u00e8re-1024x768.jpg\" class=\"size-medium wp-image-364 alignright\" src=\"http:\/\/vogesus.fr\/wp-content\/uploads\/2016\/06\/Le-trou-de-Sorci\u00e8re-300x225.jpg\" alt=\"Le trou de Sorci\u00e8re\" width=\"300\" height=\"225\" srcset=\"https:\/\/vogesus.fr\/wp-content\/uploads\/2016\/06\/Le-trou-de-Sorci\u00e8re-300x225.jpg 300w, https:\/\/vogesus.fr\/wp-content\/uploads\/2016\/06\/Le-trou-de-Sorci\u00e8re-768x576.jpg 768w, https:\/\/vogesus.fr\/wp-content\/uploads\/2016\/06\/Le-trou-de-Sorci\u00e8re-1024x768.jpg 1024w\" sizes=\"auto, (max-width: 300px) 100vw, 300px\" \/><\/strong><\/span><\/p>\n<p><span style=\"color: #008000;\"><strong>Ma pr\u00e9f\u00e9rence ira vers la Table des Sorci\u00e8res parce que c\u2019est moins couru et qu\u2019elle se trouve \u00e0 l\u2019entr\u00e9e du Walhalla une l\u00e9gende que nos contemporains ont oubli\u00e9. Je vous attends au Wuestenbe<br \/>\nrg pour vous raconter l\u2019histoire du lieu, les sorci\u00e8res nous y rejoindront.<\/strong><\/span><\/p>\n<p><span style=\"color: #008000;\"><strong>Nos arri\u00e8res grand parents et plus loin encore dans le temps avaient coutume de donner des noms terribles \u00e0 certains lieux\u00a0; le trou du Diable, la chatte pendue ou la table des Sorci\u00e8res. Ils associaient des l\u00e9gendes o\u00f9 se m\u00ealent des sacrifices, des tourments et des menaces. Vous en connaissez certainement, c\u2019est pour faire peur aux enfants d\u2019ailleurs qui de vous ne s\u2019est jamais retourn\u00e9 lorsqu\u2019il marche dans la for\u00eat \u00e0 la nuit tomb\u00e9e.<br \/>\n<\/strong><\/span><\/p>\n<p><span style=\"color: #008000;\"><strong>La sorcellerie est connue depuis le 12<sup>\u00e8me<\/sup> si\u00e8cle lorsque les Vaudois furent frapp\u00e9s d\u2019excommunication par le concile de V\u00e9rone en 1184. Ils \u00e9taient appel\u00e9s sorciers et pratiquaient des vauderies ou sabbat, un culte d\u00e9di\u00e9 au Diable. Ils s\u2019enduisaient le corps d\u2019onguents mal\u00e9fiques avec une baguette et se d\u00e9pla\u00e7aient en volant gr\u00e2ce \u00e0 cette baguette qu\u2019ils pla\u00e7aient entre leurs jambes.<\/strong><\/span><\/p>\n<p><span style=\"color: #008000;\"><strong>Plus tard l\u2019inquisition du 15<sup>\u00e8me<\/sup> si\u00e8cle lan\u00e7a une v\u00e9ritable chasse aux sorci\u00e8res et de la naquirent beaucoup de ces noms de lieux.<\/strong><\/span><\/p>\n<p><span style=\"color: #008000;\"><strong>Vraiment m\u00e9chantes ces Sorci\u00e8res, je vous laisse \u00e0 votre raisonnement. La Wicca r\u00e9sum\u00e9e en 8 mots \u00ab\u00a0Si nul n\u2019est l\u00e9s\u00e9, fais ce que veux\u00a0\u00bb<\/strong><\/span><\/p>\n<p><strong><span style=\"color: #008000;\">Andr\u00e9 juillet 2016<\/span><\/strong><\/p>\n<p><a href=\"mailto:andre@vogesus.fr\">andre@vogesus.fr<\/a><\/p>\n<p>&nbsp;<\/p>\n<p><del>&nbsp;<\/p>\n<p>&nbsp;<\/p>\n<p>&nbsp;<\/p>\n<p><\/del><\/p>\n","protected":false},"excerpt":{"rendered":"<p>Pourquoi les sorci\u00e8res seraient elles m\u00e9chantes\u2026 Autour de Saverne, le Mont Saint Michel et le Wuestenberg porte du Walhalla. Fabriquez un sac de soie rouge un vendredi soir de pleine lune montante, avant minuit, mettez-y un clou rouill\u00e9, une pi\u00e8ce de monnaie, trois pinc\u00e9es de sel, sept grains d\u2019encens naturel et une m\u00e8che de vos [&hellip;]<\/p>\n","protected":false},"author":1,"featured_media":0,"comment_status":"closed","ping_status":"closed","sticky":false,"template":"","format":"standard","meta":{"jetpack_post_was_ever_published":false,"_jetpack_newsletter_access":"","_jetpack_dont_email_post_to_subs":true,"_jetpack_newsletter_tier_id":0,"_jetpack_memberships_contains_paywalled_content":false,"_jetpack_memberships_contains_paid_content":false,"footnotes":""},"categories":[1],"tags":[],"class_list":["post-404","post","type-post","status-publish","format-standard","hentry","category-non-classe"],"aioseo_notices":[],"jetpack_featured_media_url":"","jetpack_sharing_enabled":true,"jetpack_shortlink":"https:\/\/wp.me\/p7ThE8-6w","jetpack-related-posts":[],"_links":{"self":[{"href":"https:\/\/vogesus.fr\/index.php\/wp-json\/wp\/v2\/posts\/404","targetHints":{"allow":["GET"]}}],"collection":[{"href":"https:\/\/vogesus.fr\/index.php\/wp-json\/wp\/v2\/posts"}],"about":[{"href":"https:\/\/vogesus.fr\/index.php\/wp-json\/wp\/v2\/types\/post"}],"author":[{"embeddable":true,"href":"https:\/\/vogesus.fr\/index.php\/wp-json\/wp\/v2\/users\/1"}],"replies":[{"embeddable":true,"href":"https:\/\/vogesus.fr\/index.php\/wp-json\/wp\/v2\/comments?post=404"}],"version-history":[{"count":1,"href":"https:\/\/vogesus.fr\/index.php\/wp-json\/wp\/v2\/posts\/404\/revisions"}],"predecessor-version":[{"id":405,"href":"https:\/\/vogesus.fr\/index.php\/wp-json\/wp\/v2\/posts\/404\/revisions\/405"}],"wp:attachment":[{"href":"https:\/\/vogesus.fr\/index.php\/wp-json\/wp\/v2\/media?parent=404"}],"wp:term":[{"taxonomy":"category","embeddable":true,"href":"https:\/\/vogesus.fr\/index.php\/wp-json\/wp\/v2\/categories?post=404"},{"taxonomy":"post_tag","embeddable":true,"href":"https:\/\/vogesus.fr\/index.php\/wp-json\/wp\/v2\/tags?post=404"}],"curies":[{"name":"wp","href":"https:\/\/api.w.org\/{rel}","templated":true}]}}