{"id":36,"date":"2017-02-24T23:03:23","date_gmt":"2017-02-24T22:03:23","guid":{"rendered":"http:\/\/vogesus.fr\/?p=36"},"modified":"2021-02-23T22:28:05","modified_gmt":"2021-02-23T21:28:05","slug":"origine-de-lordre-des-francs-macons","status":"publish","type":"post","link":"https:\/\/vogesus.fr\/index.php\/2017\/02\/24\/origine-de-lordre-des-francs-macons\/","title":{"rendered":"Origine de l\u2019Ordre des Francs-Ma\u00e7ons"},"content":{"rendered":"<p><strong>\u2026 pour se distinguer du commun de la gent ma\u00e7onnique qui ne savait employer que le mortier et la truelle tandis qu&rsquo;eux maniaient l\u2019\u00e9querre, le niveau et le compas, ils form\u00e8rent des associations qu\u2019ils appel\u00e8rent en allemand H\u00fctten, Loges en fran\u00e7ais. Toutes les Loges s\u2019accordaient \u00e0 reconna\u00eetre la sup\u00e9riorit\u00e9 de celle de Strasbourg, d\u2019o\u00f9 elle f\u00fbt nomm\u00e9e Haupthutte ou Loge M\u00e9tropole, sous la direction de laquelle, toutes ces associations form\u00e8rent une seule soci\u00e9t\u00e9 pour toute l\u2019Allemagne. Dans une assembl\u00e9e des diff\u00e9rents Ma\u00eetres des Loges particuli\u00e8res, tenue \u00e0 Ratisbonne, le 25 avril 1459, on arr\u00eata les premiers statuts et on convint par un acte solennel que toujours l\u2019Architecte de la Cath\u00e9drale de Strasbourg serait le Grand Ma\u00eetre unique et perp\u00e9tuel de la Confr\u00e9rie des Ma\u00e7ons libres de l\u2019Allemagne\u2026<\/strong><\/p>\n<p><em><strong>Fran\u00e7ois Miler 1817 \u00a0 La description de la Cath\u00e9drale de Strasbourg<\/strong><\/em><\/p>\n<p><em><strong>Mise \u00e0 jour 24.03.2016<\/strong><\/em><\/p>\n<p><strong>\u00a0 \u00a0<\/strong><\/p>\n","protected":false},"excerpt":{"rendered":"<p>\u2026 pour se distinguer du commun de la gent ma\u00e7onnique qui ne savait employer que le mortier et la truelle tandis qu&rsquo;eux maniaient l\u2019\u00e9querre, le niveau et le compas, ils form\u00e8rent des associations qu\u2019ils appel\u00e8rent en allemand H\u00fctten, Loges en fran\u00e7ais. Toutes les Loges s\u2019accordaient \u00e0 reconna\u00eetre la sup\u00e9riorit\u00e9 de celle de Strasbourg, d\u2019o\u00f9 elle [&hellip;]<\/p>\n","protected":false},"author":1,"featured_media":0,"comment_status":"closed","ping_status":"closed","sticky":false,"template":"","format":"standard","meta":{"jetpack_post_was_ever_published":false,"_jetpack_newsletter_access":"","_jetpack_dont_email_post_to_subs":true,"_jetpack_newsletter_tier_id":0,"_jetpack_memberships_contains_paywalled_content":false,"_jetpack_memberships_contains_paid_content":false,"footnotes":""},"categories":[1],"tags":[],"class_list":["post-36","post","type-post","status-publish","format-standard","hentry","category-non-classe"],"aioseo_notices":[],"jetpack_featured_media_url":"","jetpack_sharing_enabled":true,"jetpack_shortlink":"https:\/\/wp.me\/p7ThE8-A","jetpack-related-posts":[],"_links":{"self":[{"href":"https:\/\/vogesus.fr\/index.php\/wp-json\/wp\/v2\/posts\/36","targetHints":{"allow":["GET"]}}],"collection":[{"href":"https:\/\/vogesus.fr\/index.php\/wp-json\/wp\/v2\/posts"}],"about":[{"href":"https:\/\/vogesus.fr\/index.php\/wp-json\/wp\/v2\/types\/post"}],"author":[{"embeddable":true,"href":"https:\/\/vogesus.fr\/index.php\/wp-json\/wp\/v2\/users\/1"}],"replies":[{"embeddable":true,"href":"https:\/\/vogesus.fr\/index.php\/wp-json\/wp\/v2\/comments?post=36"}],"version-history":[{"count":7,"href":"https:\/\/vogesus.fr\/index.php\/wp-json\/wp\/v2\/posts\/36\/revisions"}],"predecessor-version":[{"id":2662,"href":"https:\/\/vogesus.fr\/index.php\/wp-json\/wp\/v2\/posts\/36\/revisions\/2662"}],"wp:attachment":[{"href":"https:\/\/vogesus.fr\/index.php\/wp-json\/wp\/v2\/media?parent=36"}],"wp:term":[{"taxonomy":"category","embeddable":true,"href":"https:\/\/vogesus.fr\/index.php\/wp-json\/wp\/v2\/categories?post=36"},{"taxonomy":"post_tag","embeddable":true,"href":"https:\/\/vogesus.fr\/index.php\/wp-json\/wp\/v2\/tags?post=36"}],"curies":[{"name":"wp","href":"https:\/\/api.w.org\/{rel}","templated":true}]}}